{"id":1429,"date":"2025-08-12T11:47:22","date_gmt":"2025-08-12T09:47:22","guid":{"rendered":"https:\/\/www.elektronikmassan.se\/2025\/08\/12\/patrik-lislen\/"},"modified":"2025-09-16T10:41:37","modified_gmt":"2025-09-16T08:41:37","slug":"patrik-lislen","status":"publish","type":"post","link":"https:\/\/www.elektronikmassan.se\/en\/2025\/08\/12\/patrik-lislen\/","title":{"rendered":"Interview with Patrik Lisl\u00e9n"},"content":{"rendered":"\t\t<div data-elementor-type=\"wp-post\" data-elementor-id=\"1429\" class=\"elementor elementor-1429 elementor-1384\" data-elementor-post-type=\"post\">\n\t\t\t\t\t\t<section class=\"elementor-section elementor-top-section elementor-element elementor-element-5acf935f elementor-section-boxed elementor-section-height-default elementor-section-height-default\" data-id=\"5acf935f\" data-element_type=\"section\" data-settings=\"{&quot;background_background&quot;:&quot;classic&quot;}\">\n\t\t\t\t\t\t<div class=\"elementor-container elementor-column-gap-default\">\n\t\t\t\t\t<div class=\"elementor-column elementor-col-100 elementor-top-column elementor-element elementor-element-532b73fe\" data-id=\"532b73fe\" data-element_type=\"column\">\n\t\t\t<div class=\"elementor-widget-wrap elementor-element-populated\">\n\t\t\t\t\t\t<div class=\"elementor-element elementor-element-7e22222b elementor-widget elementor-widget-spacer\" data-id=\"7e22222b\" data-element_type=\"widget\" data-widget_type=\"spacer.default\">\n\t\t\t\t<div class=\"elementor-widget-container\">\n\t\t\t\t\t\t\t<div class=\"elementor-spacer\">\n\t\t\t<div class=\"elementor-spacer-inner\"><\/div>\n\t\t<\/div>\n\t\t\t\t\t\t<\/div>\n\t\t\t\t<\/div>\n\t\t\t\t\t<\/div>\n\t\t<\/div>\n\t\t\t\t\t<\/div>\n\t\t<\/section>\n\t\t\t\t<section class=\"elementor-section elementor-top-section elementor-element elementor-element-72e89159 elementor-section-boxed elementor-section-height-default elementor-section-height-default\" data-id=\"72e89159\" data-element_type=\"section\" data-settings=\"{&quot;background_background&quot;:&quot;classic&quot;}\">\n\t\t\t\t\t\t\t<div class=\"elementor-background-overlay\"><\/div>\n\t\t\t\t\t\t\t<div class=\"elementor-container elementor-column-gap-default\">\n\t\t\t\t\t<div class=\"elementor-column elementor-col-50 elementor-top-column elementor-element elementor-element-3b7576cb\" data-id=\"3b7576cb\" data-element_type=\"column\" data-settings=\"{&quot;background_background&quot;:&quot;classic&quot;}\">\n\t\t\t<div class=\"elementor-widget-wrap elementor-element-populated\">\n\t\t\t\t\t\t<div class=\"elementor-element elementor-element-11feb470 elementor-widget elementor-widget-image\" data-id=\"11feb470\" data-element_type=\"widget\" data-widget_type=\"image.default\">\n\t\t\t\t<div class=\"elementor-widget-container\">\n\t\t\t\t\t\t\t\t\t\t\t\t\t\t\t<img fetchpriority=\"high\" decoding=\"async\" width=\"559\" height=\"357\" src=\"https:\/\/easyfairsassets.com\/sites\/360\/2025\/08\/Patrik-Lislen-ASIC-Design-Manager-Axis-Communications-AB-2.png\" class=\"attachment-large size-large wp-image-1860\" alt=\"Patrik Lisl\u00e9n\" srcset=\"https:\/\/easyfairsassets.com\/sites\/360\/2025\/08\/Patrik-Lislen-ASIC-Design-Manager-Axis-Communications-AB-2.png 559w, https:\/\/easyfairsassets.com\/sites\/360\/2025\/08\/Patrik-Lislen-ASIC-Design-Manager-Axis-Communications-AB-2-300x192.png 300w\" sizes=\"(max-width: 559px) 100vw, 559px\" \/>\t\t\t\t\t\t\t\t\t\t\t\t\t\t\t<\/div>\n\t\t\t\t<\/div>\n\t\t\t\t<div class=\"elementor-element elementor-element-2825f674 elementor-widget elementor-widget-heading\" data-id=\"2825f674\" data-element_type=\"widget\" data-widget_type=\"heading.default\">\n\t\t\t\t<div class=\"elementor-widget-container\">\n\t\t\t\t\t<h2 class=\"elementor-heading-title elementor-size-default\">Speaker at Elektronikm\u00e4ssan 2025<\/h2>\t\t\t\t<\/div>\n\t\t\t\t<\/div>\n\t\t\t\t<div class=\"elementor-element elementor-element-623763a9 elementor-widget elementor-widget-heading\" data-id=\"623763a9\" data-element_type=\"widget\" data-widget_type=\"heading.default\">\n\t\t\t\t<div class=\"elementor-widget-container\">\n\t\t\t\t\t<h1 class=\"elementor-heading-title elementor-size-default\">Interview with Patrik Lisl\u00e9n<\/h1>\t\t\t\t<\/div>\n\t\t\t\t<\/div>\n\t\t\t\t<div class=\"elementor-element elementor-element-40077e23 elementor-widget elementor-widget-text-editor\" data-id=\"40077e23\" data-element_type=\"widget\" data-widget_type=\"text-editor.default\">\n\t\t\t\t<div class=\"elementor-widget-container\">\n\t\t\t\t\t\t\t\t\t<p data-start=\"59\" data-end=\"616\">At the Electronics Fair 2025, Patrik Lisl\u00e9n, ASIC Design Manager at Axis Communications AB, gave a presentation on the company\u2019s in-house developed ARTPEC chip family. He explained how these chips, which have been around since 1999 and are now in their ninth generation, serve as a key component in Axis products, enabling advanced image processing and smarter surveillance solutions. Patrik provided a brief overview of their development, explained why Axis chose to design their own chips, and highlighted some of the opportunities and challenges ahead.<\/p>\n<p><\/p>\n<p data-start=\"618\" data-end=\"668\">Listen to an interview where Patrik shares more:<\/p>\n\t\t\t\t\t\t\t\t<\/div>\n\t\t\t\t<\/div>\n\t\t\t\t<div class=\"elementor-element elementor-element-4675761 elementor-widget elementor-widget-video\" data-id=\"4675761\" data-element_type=\"widget\" data-settings=\"{&quot;youtube_url&quot;:&quot;https:\\\/\\\/youtube.com\\\/shorts\\\/swwyEA8-8hA&quot;,&quot;yt_privacy&quot;:&quot;yes&quot;,&quot;video_type&quot;:&quot;youtube&quot;,&quot;controls&quot;:&quot;yes&quot;}\" data-widget_type=\"video.default\">\n\t\t\t\t<div class=\"elementor-widget-container\">\n\t\t\t\t\t\t\t<div class=\"elementor-wrapper elementor-open-inline\">\n\t\t\t<div class=\"elementor-video\"><\/div>\t\t<\/div>\n\t\t\t\t\t\t<\/div>\n\t\t\t\t<\/div>\n\t\t\t\t<div class=\"elementor-element elementor-element-7eccc855 elementor-align-left elementor-tablet-align-center elementor-mobile-align-left elementor-widget elementor-widget-button\" data-id=\"7eccc855\" data-element_type=\"widget\" data-widget_type=\"button.default\">\n\t\t\t\t<div class=\"elementor-widget-container\">\n\t\t\t\t\t\t\t\t\t<div class=\"elementor-button-wrapper\">\n\t\t\t\t\t<a class=\"elementor-button elementor-button-link elementor-size-sm elementor-animation-grow\" href=\"https:\/\/www.elektronikmassan.se\/en\/news-and-press\/\">\n\t\t\t\t\t\t<span class=\"elementor-button-content-wrapper\">\n\t\t\t\t\t\t<span class=\"elementor-button-icon\">\n\t\t\t\t<svg aria-hidden=\"true\" class=\"e-font-icon-svg e-fas-arrow-left\" viewBox=\"0 0 448 512\" xmlns=\"http:\/\/www.w3.org\/2000\/svg\"><path d=\"M257.5 445.1l-22.2 22.2c-9.4 9.4-24.6 9.4-33.9 0L7 273c-9.4-9.4-9.4-24.6 0-33.9L201.4 44.7c9.4-9.4 24.6-9.4 33.9 0l22.2 22.2c9.5 9.5 9.3 25-.4 34.3L136.6 216H424c13.3 0 24 10.7 24 24v32c0 13.3-10.7 24-24 24H136.6l120.5 114.8c9.8 9.3 10 24.8.4 34.3z\"><\/path><\/svg>\t\t\t<\/span>\n\t\t\t\t\t\t\t\t\t<span class=\"elementor-button-text\">Back to news<\/span>\n\t\t\t\t\t<\/span>\n\t\t\t\t\t<\/a>\n\t\t\t\t<\/div>\n\t\t\t\t\t\t\t\t<\/div>\n\t\t\t\t<\/div>\n\t\t\t\t\t<\/div>\n\t\t<\/div>\n\t\t\t\t<div class=\"elementor-column elementor-col-50 elementor-top-column elementor-element elementor-element-2c8d554c\" data-id=\"2c8d554c\" data-element_type=\"column\" data-settings=\"{&quot;background_background&quot;:&quot;classic&quot;}\">\n\t\t\t<div class=\"elementor-widget-wrap elementor-element-populated\">\n\t\t\t\t\t\t<div class=\"elementor-element elementor-element-7d5c1de3 elementor-widget elementor-widget-heading\" data-id=\"7d5c1de3\" data-element_type=\"widget\" data-widget_type=\"heading.default\">\n\t\t\t\t<div class=\"elementor-widget-container\">\n\t\t\t\t\t<h3 class=\"elementor-heading-title elementor-size-default\">Share post<\/h3>\t\t\t\t<\/div>\n\t\t\t\t<\/div>\n\t\t\t\t<div class=\"elementor-element elementor-element-1d55a22 elementor-share-buttons--view-icon elementor-share-buttons--shape-circle elementor-share-buttons--skin-flat elementor-share-buttons--color-custom elementor-grid-0 elementor-widget elementor-widget-share-buttons\" data-id=\"1d55a22\" data-element_type=\"widget\" data-settings=\"{&quot;share_url&quot;:{&quot;url&quot;:&quot;&quot;,&quot;is_external&quot;:&quot;&quot;,&quot;nofollow&quot;:&quot;&quot;,&quot;custom_attributes&quot;:&quot;&quot;}}\" data-widget_type=\"share-buttons.default\">\n\t\t\t\t<div class=\"elementor-widget-container\">\n\t\t\t\t\t\t\t<div class=\"elementor-grid\" role=\"list\">\n\t\t\t\t\t\t\t\t<div class=\"elementor-grid-item\" role=\"listitem\">\n\t\t\t\t\t\t<div class=\"elementor-share-btn elementor-share-btn_facebook\" role=\"button\" tabindex=\"0\" aria-label=\"Share on facebook\">\n\t\t\t\t\t\t\t\t\t\t\t\t\t\t\t<span class=\"elementor-share-btn__icon\">\n\t\t\t\t\t\t\t\t<svg aria-hidden=\"true\" class=\"e-font-icon-svg e-fab-facebook\" viewBox=\"0 0 512 512\" xmlns=\"http:\/\/www.w3.org\/2000\/svg\"><path d=\"M504 256C504 119 393 8 256 8S8 119 8 256c0 123.78 90.69 226.38 209.25 245V327.69h-63V256h63v-54.64c0-62.15 37-96.48 93.67-96.48 27.14 0 55.52 4.84 55.52 4.84v61h-31.28c-30.8 0-40.41 19.12-40.41 38.73V256h68.78l-11 71.69h-57.78V501C413.31 482.38 504 379.78 504 256z\"><\/path><\/svg>\t\t\t\t\t\t\t<\/span>\n\t\t\t\t\t\t\t\t\t\t\t\t\t\t\t\t\t\t\t\t<\/div>\n\t\t\t\t\t<\/div>\n\t\t\t\t\t\t\t\t\t<div class=\"elementor-grid-item\" role=\"listitem\">\n\t\t\t\t\t\t<div class=\"elementor-share-btn elementor-share-btn_linkedin\" role=\"button\" tabindex=\"0\" aria-label=\"Share on linkedin\">\n\t\t\t\t\t\t\t\t\t\t\t\t\t\t\t<span class=\"elementor-share-btn__icon\">\n\t\t\t\t\t\t\t\t<svg aria-hidden=\"true\" class=\"e-font-icon-svg e-fab-linkedin\" viewBox=\"0 0 448 512\" xmlns=\"http:\/\/www.w3.org\/2000\/svg\"><path d=\"M416 32H31.9C14.3 32 0 46.5 0 64.3v383.4C0 465.5 14.3 480 31.9 480H416c17.6 0 32-14.5 32-32.3V64.3c0-17.8-14.4-32.3-32-32.3zM135.4 416H69V202.2h66.5V416zm-33.2-243c-21.3 0-38.5-17.3-38.5-38.5S80.9 96 102.2 96c21.2 0 38.5 17.3 38.5 38.5 0 21.3-17.2 38.5-38.5 38.5zm282.1 243h-66.4V312c0-24.8-.5-56.7-34.5-56.7-34.6 0-39.9 27-39.9 54.9V416h-66.4V202.2h63.7v29.2h.9c8.9-16.8 30.6-34.5 62.9-34.5 67.2 0 79.7 44.3 79.7 101.9V416z\"><\/path><\/svg>\t\t\t\t\t\t\t<\/span>\n\t\t\t\t\t\t\t\t\t\t\t\t\t\t\t\t\t\t\t\t<\/div>\n\t\t\t\t\t<\/div>\n\t\t\t\t\t\t<\/div>\n\t\t\t\t\t\t<\/div>\n\t\t\t\t<\/div>\n\t\t\t\t<div class=\"elementor-element elementor-element-5254cc54 elementor-widget elementor-widget-heading\" data-id=\"5254cc54\" data-element_type=\"widget\" data-widget_type=\"heading.default\">\n\t\t\t\t<div class=\"elementor-widget-container\">\n\t\t\t\t\t<h3 class=\"elementor-heading-title elementor-size-default\">Latest:<\/h3>\t\t\t\t<\/div>\n\t\t\t\t<\/div>\n\t\t\t\t<div class=\"elementor-element elementor-element-7b869fd7 elementor-grid-1 elementor-posts--thumbnail-left elementor-grid-tablet-2 elementor-grid-mobile-1 elementor-widget elementor-widget-posts\" data-id=\"7b869fd7\" data-element_type=\"widget\" data-settings=\"{&quot;classic_columns&quot;:&quot;1&quot;,&quot;classic_row_gap&quot;:{&quot;unit&quot;:&quot;px&quot;,&quot;size&quot;:20,&quot;sizes&quot;:[]},&quot;classic_columns_tablet&quot;:&quot;2&quot;,&quot;classic_columns_mobile&quot;:&quot;1&quot;,&quot;classic_row_gap_tablet&quot;:{&quot;unit&quot;:&quot;px&quot;,&quot;size&quot;:&quot;&quot;,&quot;sizes&quot;:[]},&quot;classic_row_gap_mobile&quot;:{&quot;unit&quot;:&quot;px&quot;,&quot;size&quot;:&quot;&quot;,&quot;sizes&quot;:[]}}\" data-widget_type=\"posts.classic\">\n\t\t\t\t<div class=\"elementor-widget-container\">\n\t\t\t\t\t\t\t<div class=\"elementor-posts-container elementor-posts elementor-posts--skin-classic elementor-grid\" role=\"list\">\n\t\t\t\t<article class=\"elementor-post elementor-grid-item post-5371 post type-post status-publish format-standard has-post-thumbnail hentry category-nyheter\" role=\"listitem\">\n\t\t\t\t<a class=\"elementor-post__thumbnail__link\" href=\"https:\/\/www.elektronikmassan.se\/en\/2026\/04\/22\/elektronikmassan-made-a-long-awaited-comeback-in-gothenburg\/\" tabindex=\"-1\" >\n\t\t\t<div class=\"elementor-post__thumbnail\"><img decoding=\"async\" width=\"300\" height=\"169\" src=\"https:\/\/easyfairsassets.com\/sites\/360\/2026\/04\/Elektrogbg2026-press-300x169.jpg\" class=\"attachment-medium size-medium wp-image-5365\" alt=\"Elektro2026press\" srcset=\"https:\/\/easyfairsassets.com\/sites\/360\/2026\/04\/Elektrogbg2026-press-300x169.jpg 300w, https:\/\/easyfairsassets.com\/sites\/360\/2026\/04\/Elektrogbg2026-press-1024x576.jpg 1024w, https:\/\/easyfairsassets.com\/sites\/360\/2026\/04\/Elektrogbg2026-press-768x432.jpg 768w, https:\/\/easyfairsassets.com\/sites\/360\/2026\/04\/Elektrogbg2026-press.jpg 1200w\" sizes=\"(max-width: 300px) 100vw, 300px\" \/><\/div>\n\t\t<\/a>\n\t\t\t\t<div class=\"elementor-post__text\">\n\t\t\t\t<h3 class=\"elementor-post__title\">\n\t\t\t<a href=\"https:\/\/www.elektronikmassan.se\/en\/2026\/04\/22\/elektronikmassan-made-a-long-awaited-comeback-in-gothenburg\/\" >\n\t\t\t\tElektronikm\u00e4ssan made a long-awaited comeback in Gothenburg\t\t\t<\/a>\n\t\t<\/h3>\n\t\t\t\t<div class=\"elementor-post__meta-data\">\n\t\t\t\t\t<span class=\"elementor-post-date\">\n\t\t\tApril 22, 2026\t\t<\/span>\n\t\t\t\t<\/div>\n\t\t\n\t\t<a class=\"elementor-post__read-more\" href=\"https:\/\/www.elektronikmassan.se\/en\/2026\/04\/22\/elektronikmassan-made-a-long-awaited-comeback-in-gothenburg\/\" aria-label=\"Read more about Elektronikm\u00e4ssan made a long-awaited comeback in Gothenburg\" tabindex=\"-1\" >\n\t\t\tRead more \u00bb\t\t<\/a>\n\n\t\t\t\t<\/div>\n\t\t\t\t<\/article>\n\t\t\t\t<article class=\"elementor-post elementor-grid-item post-4777 post type-post status-publish format-standard has-post-thumbnail hentry category-news edition-elektronikmassan-2026\" role=\"listitem\">\n\t\t\t\t<a class=\"elementor-post__thumbnail__link\" href=\"https:\/\/www.elektronikmassan.se\/en\/2026\/02\/27\/gothenburgs-elektronikmassa-unveils-a-cutting-edge-seminar-program\/\" tabindex=\"-1\" >\n\t\t\t<div class=\"elementor-post__thumbnail\"><img decoding=\"async\" width=\"300\" height=\"169\" src=\"https:\/\/easyfairsassets.com\/sites\/360\/2026\/02\/Seminarieprogram-Blogg-300x169.jpg\" class=\"attachment-medium size-medium wp-image-4608\" alt=\"Smeprogram-blogg\" srcset=\"https:\/\/easyfairsassets.com\/sites\/360\/2026\/02\/Seminarieprogram-Blogg-300x169.jpg 300w, https:\/\/easyfairsassets.com\/sites\/360\/2026\/02\/Seminarieprogram-Blogg-1024x576.jpg 1024w, https:\/\/easyfairsassets.com\/sites\/360\/2026\/02\/Seminarieprogram-Blogg-768x432.jpg 768w, https:\/\/easyfairsassets.com\/sites\/360\/2026\/02\/Seminarieprogram-Blogg.jpg 1200w\" sizes=\"(max-width: 300px) 100vw, 300px\" \/><\/div>\n\t\t<\/a>\n\t\t\t\t<div class=\"elementor-post__text\">\n\t\t\t\t<h3 class=\"elementor-post__title\">\n\t\t\t<a href=\"https:\/\/www.elektronikmassan.se\/en\/2026\/02\/27\/gothenburgs-elektronikmassa-unveils-a-cutting-edge-seminar-program\/\" >\n\t\t\t\tGothenburg&#8217;s Elektronikm\u00e4ssa unveils a cutting-edge seminar program.\t\t\t<\/a>\n\t\t<\/h3>\n\t\t\t\t<div class=\"elementor-post__meta-data\">\n\t\t\t\t\t<span class=\"elementor-post-date\">\n\t\t\tFebruary 27, 2026\t\t<\/span>\n\t\t\t\t<\/div>\n\t\t\n\t\t<a class=\"elementor-post__read-more\" href=\"https:\/\/www.elektronikmassan.se\/en\/2026\/02\/27\/gothenburgs-elektronikmassa-unveils-a-cutting-edge-seminar-program\/\" aria-label=\"Read more about Gothenburg&#8217;s Elektronikm\u00e4ssa unveils a cutting-edge seminar program.\" tabindex=\"-1\" >\n\t\t\tRead more \u00bb\t\t<\/a>\n\n\t\t\t\t<\/div>\n\t\t\t\t<\/article>\n\t\t\t\t<article class=\"elementor-post elementor-grid-item post-3330 post type-post status-publish format-standard has-post-thumbnail hentry category-news edition-elektronikmassan-2026\" role=\"listitem\">\n\t\t\t\t<a class=\"elementor-post__thumbnail__link\" href=\"https:\/\/www.elektronikmassan.se\/en\/2025\/10\/14\/this-years-focus-shaping-the-electronics-of-the-future\/\" tabindex=\"-1\" >\n\t\t\t<div class=\"elementor-post__thumbnail\"><img loading=\"lazy\" decoding=\"async\" width=\"300\" height=\"169\" src=\"https:\/\/easyfairsassets.com\/sites\/360\/2025\/10\/Fokusomraden2026-Blogg-300x169.png\" class=\"attachment-medium size-medium wp-image-3325\" alt=\"Fokus2026gbg\" srcset=\"https:\/\/easyfairsassets.com\/sites\/360\/2025\/10\/Fokusomraden2026-Blogg-300x169.png 300w, https:\/\/easyfairsassets.com\/sites\/360\/2025\/10\/Fokusomraden2026-Blogg-1024x576.png 1024w, https:\/\/easyfairsassets.com\/sites\/360\/2025\/10\/Fokusomraden2026-Blogg-768x432.png 768w, https:\/\/easyfairsassets.com\/sites\/360\/2025\/10\/Fokusomraden2026-Blogg.png 1200w\" sizes=\"(max-width: 300px) 100vw, 300px\" \/><\/div>\n\t\t<\/a>\n\t\t\t\t<div class=\"elementor-post__text\">\n\t\t\t\t<h3 class=\"elementor-post__title\">\n\t\t\t<a href=\"https:\/\/www.elektronikmassan.se\/en\/2025\/10\/14\/this-years-focus-shaping-the-electronics-of-the-future\/\" >\n\t\t\t\tThis year\u2019s focus: Shaping the electronics of the future\t\t\t<\/a>\n\t\t<\/h3>\n\t\t\t\t<div class=\"elementor-post__meta-data\">\n\t\t\t\t\t<span class=\"elementor-post-date\">\n\t\t\tOctober 14, 2025\t\t<\/span>\n\t\t\t\t<\/div>\n\t\t\n\t\t<a class=\"elementor-post__read-more\" href=\"https:\/\/www.elektronikmassan.se\/en\/2025\/10\/14\/this-years-focus-shaping-the-electronics-of-the-future\/\" aria-label=\"Read more about This year\u2019s focus: Shaping the electronics of the future\" tabindex=\"-1\" >\n\t\t\tRead more \u00bb\t\t<\/a>\n\n\t\t\t\t<\/div>\n\t\t\t\t<\/article>\n\t\t\t\t<\/div>\n\t\t\n\t\t\t\t\t\t<\/div>\n\t\t\t\t<\/div>\n\t\t\t\t\t<\/div>\n\t\t<\/div>\n\t\t\t\t\t<\/div>\n\t\t<\/section>\n\t\t\t\t<\/div>\n\t\t","protected":false},"excerpt":{"rendered":"<p>At the Electronics Fair 2025, Patrik Lisl\u00e9n, ASIC Design Manager at Axis Communications, presented the ARTPEC chip family \u2013 a core component of the company\u2019s surveillance solutions since 1999. He described the development up to the ninth generation, the reasons behind in-house chip design, and the future opportunities and challenges.<\/p>\n","protected":false},"author":1544,"featured_media":1860,"comment_status":"open","ping_status":"open","sticky":false,"template":"elementor_header_footer","format":"standard","meta":{"_seopress_robots_primary_cat":"none","_seopress_titles_title":"Interview with Patrik Lisl\u00e9n l Elektronikm\u00e4ssan","_seopress_titles_desc":"At the Electronics Fair 2025, Patrik Lisl\u00e9n, ASIC Design Manager at Axis Communications, presented the ARTPEC chip family \u2013 a core component of the company\u2019s surveillance solutions since 1999.","_seopress_robots_index":"","footnotes":""},"categories":[22],"tags":[],"edition":[19],"class_list":["post-1429","post","type-post","status-publish","format-standard","has-post-thumbnail","hentry","category-interviews","edition-elektronikmassan-2025"],"_links":{"self":[{"href":"https:\/\/www.elektronikmassan.se\/en\/wp-json\/wp\/v2\/posts\/1429","targetHints":{"allow":["GET"]}}],"collection":[{"href":"https:\/\/www.elektronikmassan.se\/en\/wp-json\/wp\/v2\/posts"}],"about":[{"href":"https:\/\/www.elektronikmassan.se\/en\/wp-json\/wp\/v2\/types\/post"}],"author":[{"embeddable":true,"href":"https:\/\/www.elektronikmassan.se\/en\/wp-json\/wp\/v2\/users\/1544"}],"replies":[{"embeddable":true,"href":"https:\/\/www.elektronikmassan.se\/en\/wp-json\/wp\/v2\/comments?post=1429"}],"version-history":[{"count":5,"href":"https:\/\/www.elektronikmassan.se\/en\/wp-json\/wp\/v2\/posts\/1429\/revisions"}],"predecessor-version":[{"id":2932,"href":"https:\/\/www.elektronikmassan.se\/en\/wp-json\/wp\/v2\/posts\/1429\/revisions\/2932"}],"wp:featuredmedia":[{"embeddable":true,"href":"https:\/\/www.elektronikmassan.se\/en\/wp-json\/wp\/v2\/media\/1860"}],"wp:attachment":[{"href":"https:\/\/www.elektronikmassan.se\/en\/wp-json\/wp\/v2\/media?parent=1429"}],"wp:term":[{"taxonomy":"category","embeddable":true,"href":"https:\/\/www.elektronikmassan.se\/en\/wp-json\/wp\/v2\/categories?post=1429"},{"taxonomy":"post_tag","embeddable":true,"href":"https:\/\/www.elektronikmassan.se\/en\/wp-json\/wp\/v2\/tags?post=1429"},{"taxonomy":"edition","embeddable":true,"href":"https:\/\/www.elektronikmassan.se\/en\/wp-json\/wp\/v2\/edition?post=1429"}],"curies":[{"name":"wp","href":"https:\/\/api.w.org\/{rel}","templated":true}]}}